{"id":905,"date":"2018-03-05T15:32:14","date_gmt":"2018-03-05T15:32:14","guid":{"rendered":"https:\/\/turismo.trabada.gal\/\/engl\/?p=905"},"modified":"2018-04-18T10:11:57","modified_gmt":"2018-04-18T10:11:57","slug":"visita-trabada","status":"publish","type":"post","link":"https:\/\/turismo.trabada.gal\/esp\/visita-trabada\/","title":{"rendered":"Visita trabada"},"content":{"rendered":"<div id=\"pl-905\" class=\"panel-layout\">\n<div id=\"pg-905-0\" class=\"panel-grid panel-no-style\">\n<div id=\"pgc-905-0-0\" class=\"panel-grid-cell\" data-weight=\"1\">\n<div id=\"panel-905-0-0-0\" class=\"so-panel widget widget_sow-editor panel-first-child panel-last-child\" data-index=\"0\">\n<div class=\"so-widget-sow-editor so-widget-sow-editor-base\">\n<div class=\"siteorigin-widget-tinymce textwidget\">\n<p><a href=\"https:\/\/turismo.trabada.gal\/esp\/wp-content\/uploads\/sites\/7\/2018\/03\/blo1.jpg\"><img loading=\"lazy\" decoding=\"async\" class=\"size-full wp-image-1495 aligncenter\" src=\"https:\/\/turismo.trabada.gal\/esp\/wp-content\/uploads\/sites\/7\/2018\/03\/blo1.jpg\" alt=\"\" width=\"640\" height=\"427\" srcset=\"https:\/\/turismo.trabada.gal\/esp\/wp-content\/uploads\/sites\/7\/2018\/03\/blo1.jpg 640w, https:\/\/turismo.trabada.gal\/esp\/wp-content\/uploads\/sites\/7\/2018\/03\/blo1-300x200.jpg 300w, https:\/\/turismo.trabada.gal\/esp\/wp-content\/uploads\/sites\/7\/2018\/03\/blo1-272x182.jpg 272w\" sizes=\"auto, (max-width: 640px) 100vw, 640px\" \/><\/a><\/p>\n<p style=\"text-align: justify;\">Para conocer Trabada en toda su esencia hay que sentirla, vivirla, saborearla, enamorarse de sus sonidos\u2026 dejarse sorprender. Esconde experiencias \u00fanicas.<\/p>\n<p style=\"text-align: justify;\">Si te formul\u00e1ramos la pregunta \u201c\u00bfDe que color es Trabada?\u201d, seguramente contestar\u00edas con la palabra \u201cVERDE\u201d. Trabada es ante todo naturaleza, quedando patente sobre todo en sus paisajes e intensos colores.<\/p>\n<p style=\"text-align: justify;\">Trabada ofrece numerosas posibilidades para disfrutar e interactuar con su verde entorno, con actividades que van desde las<span class=\"Apple-converted-space\">\u00a0 <\/span>m\u00e1s activas, a las m\u00e1s tranquilas y familiares. Una amplia oferta, para disfrutar s\u00f3lo o en compa\u00f1\u00eda, que te sumergir\u00e1 en un para\u00edso natural fascinante.<\/p>\n<p style=\"text-align: justify;\">Peregrinar por el Camino de Santiago, pasear por sus \u201cfragas\u201d y<span class=\"Apple-converted-space\">\u00a0 <\/span>senderos verdes, respirar la Reserva de la<span class=\"Apple-converted-space\">\u00a0 <\/span>Biosfera del r\u00edo Eo, Oscos y Terras de Bur\u00f3n, observar las aves en sus migraciones en la Zona de Especial Conservaci\u00f3n ( ZEC) del r\u00edo Eo, pedalear por sus verdes paisajes o disfrutar de un magn\u00edfico paseo en canoa por el r\u00edo Eo, son algunas de las actividades que te proponemos para sentirla. \u00bfTe animas?<\/p>\n<\/div>\n<\/div>\n<\/div>\n<\/div>\n<\/div>\n<\/div>\n","protected":false},"excerpt":{"rendered":"<p>Para conocer Trabada en toda su esencia hay que sentirla, vivirla, saborearla, enamorarse de sus sonidos\u2026 dejarse sorprender. Esconde experiencias \u00fanicas. Si te formul\u00e1ramos la pregunta \u201c\u00bfDe que color es Trabada?\u201d, seguramente contestar\u00edas con la palabra \u201cVERDE\u201d. Trabada es ante todo naturaleza, quedando patente sobre todo en sus paisajes e intensos colores. Trabada ofrece numerosas [&hellip;]<\/p>\n","protected":false},"author":1,"featured_media":0,"comment_status":"closed","ping_status":"closed","sticky":false,"template":"","format":"standard","meta":{"footnotes":""},"categories":[1],"tags":[],"class_list":["post-905","post","type-post","status-publish","format-standard","hentry","category-uncategorized"],"_links":{"self":[{"href":"https:\/\/turismo.trabada.gal\/esp\/wp-json\/wp\/v2\/posts\/905","targetHints":{"allow":["GET"]}}],"collection":[{"href":"https:\/\/turismo.trabada.gal\/esp\/wp-json\/wp\/v2\/posts"}],"about":[{"href":"https:\/\/turismo.trabada.gal\/esp\/wp-json\/wp\/v2\/types\/post"}],"author":[{"embeddable":true,"href":"https:\/\/turismo.trabada.gal\/esp\/wp-json\/wp\/v2\/users\/1"}],"replies":[{"embeddable":true,"href":"https:\/\/turismo.trabada.gal\/esp\/wp-json\/wp\/v2\/comments?post=905"}],"version-history":[{"count":15,"href":"https:\/\/turismo.trabada.gal\/esp\/wp-json\/wp\/v2\/posts\/905\/revisions"}],"predecessor-version":[{"id":1497,"href":"https:\/\/turismo.trabada.gal\/esp\/wp-json\/wp\/v2\/posts\/905\/revisions\/1497"}],"wp:attachment":[{"href":"https:\/\/turismo.trabada.gal\/esp\/wp-json\/wp\/v2\/media?parent=905"}],"wp:term":[{"taxonomy":"category","embeddable":true,"href":"https:\/\/turismo.trabada.gal\/esp\/wp-json\/wp\/v2\/categories?post=905"},{"taxonomy":"post_tag","embeddable":true,"href":"https:\/\/turismo.trabada.gal\/esp\/wp-json\/wp\/v2\/tags?post=905"}],"curies":[{"name":"wp","href":"https:\/\/api.w.org\/{rel}","templated":true}]}}